{"id":530,"date":"2020-11-22T22:03:42","date_gmt":"2020-11-22T22:03:42","guid":{"rendered":"http:\/\/temaslisozluk.com\/sozluk\/?p=530"},"modified":"2020-11-22T22:03:44","modified_gmt":"2020-11-22T22:03:44","slug":"koronayla-savas","status":"publish","type":"post","link":"http:\/\/temaslisozluk.com\/sozluk\/koronayla-savas\/","title":{"rendered":"Koronayla sava\u015f"},"content":{"rendered":"\n<p>Sava\u015f, esasen kar\u015f\u0131l\u0131kl\u0131 a\u011f\u0131r s\u00f6zler s\u00f6ylemektir. G\u00fcn\u00fcm\u00fczde herhangi bir sorunu giderme yolu olarak ba\u015fkaca bir y\u00f6ntem geli\u015ftirilemedi\u011finden s\u00fcrekli sava\u015f\u0131l\u0131r; enflasyonla, trafik kazalar\u0131yla, i\u00e7 ve d\u0131\u015f d\u00fc\u015fmanlarla sava\u015f\u0131l\u0131r. Pandemi d\u00f6neminde de bir halk sa\u011fl\u0131\u011f\u0131 sorunu yaratan bula\u015f\u0131c\u0131 hastal\u0131kla sava\u015f\u0131lm\u0131\u015ft\u0131r. Sa\u011fl\u0131k hizmeti sunan ki\u015filer de \u201ccephenin en \u00f6n\u00fcndeki sava\u015f\u00e7\u0131lar\u201d, t\u0131bbi malzemeler de \u201ccephane\u201d olarak tan\u0131mlanm\u0131\u015f ve meslek hastal\u0131\u011f\u0131 nedeniyle \u00f6lmeleri durumunda \u201c\u015fehit\u201d ilan edilmeleri \u00f6nerilmi\u015ftir. Bu yakla\u015f\u0131m\u0131n k\u00f6keninde, toplulu\u011fun ya\u015fam\u0131 i\u00e7in kendilerini feda etmeleri beklenen ve bu nedenle \u00f6lmeleri ola\u011fan kar\u015f\u0131lanan ki\u015filer olmas\u0131 gerekti\u011fine dair as\u0131ls\u0131z inan\u00e7 yatmaktad\u0131r.<\/p>\n","protected":false},"excerpt":{"rendered":"<p>Sava\u015f, esasen kar\u015f\u0131l\u0131kl\u0131 a\u011f\u0131r s\u00f6zler s\u00f6ylemektir. G\u00fcn\u00fcm\u00fczde herhangi bir sorunu giderme yolu olarak ba\u015fkaca bir y\u00f6ntem geli\u015ftirilemedi\u011finden s\u00fcrekli sava\u015f\u0131l\u0131r; enflasyonla, trafik kazalar\u0131yla, i\u00e7 ve d\u0131\u015f d\u00fc\u015fmanlarla sava\u015f\u0131l\u0131r. Pandemi d\u00f6neminde de bir halk sa\u011fl\u0131\u011f\u0131 sorunu yaratan bula\u015f\u0131c\u0131 hastal\u0131kla sava\u015f\u0131lm\u0131\u015ft\u0131r. Sa\u011fl\u0131k hizmeti sunan ki\u015filer de \u201ccephenin en \u00f6n\u00fcndeki sava\u015f\u00e7\u0131lar\u201d, t\u0131bbi malzemeler de \u201ccephane\u201d olarak tan\u0131mlanm\u0131\u015f ve meslek&hellip;&nbsp;<a href=\"http:\/\/temaslisozluk.com\/sozluk\/koronayla-savas\/\" class=\"\" rel=\"bookmark\">Daha fazlas\u0131n\u0131 oku &raquo;<span class=\"screen-reader-text\">Koronayla sava\u015f<\/span><\/a><\/p>\n","protected":false},"author":1,"featured_media":0,"comment_status":"closed","ping_status":"open","sticky":false,"template":"","format":"standard","meta":{"neve_meta_sidebar":"","neve_meta_container":"","neve_meta_enable_content_width":"","neve_meta_content_width":0,"neve_meta_title_alignment":"","neve_meta_author_avatar":"","neve_post_elements_order":"","neve_meta_disable_header":"","neve_meta_disable_footer":"","neve_meta_disable_title":"","_ti_tpc_template_sync":false,"_ti_tpc_template_id":""},"categories":[4],"tags":[],"_links":{"self":[{"href":"http:\/\/temaslisozluk.com\/sozluk\/wp-json\/wp\/v2\/posts\/530"}],"collection":[{"href":"http:\/\/temaslisozluk.com\/sozluk\/wp-json\/wp\/v2\/posts"}],"about":[{"href":"http:\/\/temaslisozluk.com\/sozluk\/wp-json\/wp\/v2\/types\/post"}],"author":[{"embeddable":true,"href":"http:\/\/temaslisozluk.com\/sozluk\/wp-json\/wp\/v2\/users\/1"}],"replies":[{"embeddable":true,"href":"http:\/\/temaslisozluk.com\/sozluk\/wp-json\/wp\/v2\/comments?post=530"}],"version-history":[{"count":1,"href":"http:\/\/temaslisozluk.com\/sozluk\/wp-json\/wp\/v2\/posts\/530\/revisions"}],"predecessor-version":[{"id":531,"href":"http:\/\/temaslisozluk.com\/sozluk\/wp-json\/wp\/v2\/posts\/530\/revisions\/531"}],"wp:attachment":[{"href":"http:\/\/temaslisozluk.com\/sozluk\/wp-json\/wp\/v2\/media?parent=530"}],"wp:term":[{"taxonomy":"category","embeddable":true,"href":"http:\/\/temaslisozluk.com\/sozluk\/wp-json\/wp\/v2\/categories?post=530"},{"taxonomy":"post_tag","embeddable":true,"href":"http:\/\/temaslisozluk.com\/sozluk\/wp-json\/wp\/v2\/tags?post=530"}],"curies":[{"name":"wp","href":"https:\/\/api.w.org\/{rel}","templated":true}]}}